{"id":914,"date":"2021-04-22T12:03:20","date_gmt":"2021-04-22T10:03:20","guid":{"rendered":"http:\/\/allonsvoir.eu\/?p=914"},"modified":"2021-04-22T12:03:21","modified_gmt":"2021-04-22T10:03:21","slug":"communique-de-presse","status":"publish","type":"post","link":"https:\/\/allonsvoir.eu\/index.php\/2021\/04\/22\/communique-de-presse\/","title":{"rendered":"COMMUNIQU\u00c9 DE PRESSE"},"content":{"rendered":"\n<p class=\"has-text-align-center\" style=\"font-size:51px\"><em><strong>allons voir !<\/strong><\/em><\/p>\n\n\n\n<p class=\"has-text-align-center\">Parcours d\u2019art contemporain en Pays Fort \/ Sancerrois<\/p>\n\n\n\n<p class=\"has-text-align-center\">3e \u00e9dition<\/p>\n\n\n\n<p class=\"has-text-align-center\"><strong>Point(s) de vue<\/strong><\/p>\n\n\n\n<p class=\"has-text-align-center\">13 juillet &#8211; 19 septembre 2021<\/p>\n\n\n\n<p class=\"has-text-align-center\">Entr\u00e9 libre du mercredi au dimanche, 13h30 &#8211; 18h30<\/p>\n\n\n\n<figure class=\"wp-block-image size-large\"><img loading=\"lazy\" decoding=\"async\" width=\"709\" height=\"567\" src=\"https:\/\/allonsvoir.eu\/wp-content\/uploads\/2021\/04\/av_image_2021_moyen_72dpi-V2.jpg\" alt=\"\" class=\"wp-image-835\" srcset=\"https:\/\/allonsvoir.eu\/wp-content\/uploads\/2021\/04\/av_image_2021_moyen_72dpi-V2.jpg 709w, https:\/\/allonsvoir.eu\/wp-content\/uploads\/2021\/04\/av_image_2021_moyen_72dpi-V2-300x240.jpg 300w\" sizes=\"auto, (max-width: 709px) 85vw, (max-width: 909px) 67vw, (max-width: 984px) 61vw, (max-width: 1362px) 45vw, 600px\" \/><\/figure>\n\n\n\n<p><strong>Commissariat :<\/strong> Gunther Ludwig&nbsp;<\/p>\n\n\n\n<p><strong>avec :<\/strong>&nbsp;<\/p>\n\n\n\n<p>    <a href=\"http:\/\/ladislascombeuil.com\"> Ladislas Combeuil\u00a0<\/a><\/p>\n\n\n\n<p>    <a href=\"http:\/\/tsamadopaco.com\"> Tsama do Pa\u00e7o<\/a><\/p>\n\n\n\n<p>     <a href=\"https:\/\/www.annesarahbenichou.com\/fr\/artistes\/bio\/2544\/chourouk-hriech\">Chourouk Hriech\u00a0<\/a><\/p>\n\n\n\n<p>     <a href=\"https:\/\/reseau-dda.org\/fr\/artists\/jeanne-tzaut\">Jeanne Tzaut<\/a><\/p>\n\n\n\n<p>   <a href=\"https:\/\/www.thomaswattebled.com\">  Thomas Wattebled<\/a><\/p>\n\n\n\n<p>et la participation de jeunes dipl\u00f4m\u00e9s de l\u2019<a href=\"https:\/\/www.ensa-bourges.fr\/index.php\/fr\/\">ENSA Bourges<\/a> et de l\u2019<a href=\"https:\/\/esad-talm.fr\/fr\/talm\/talm-tours\">ESAD TALM Tours<\/a><\/p>\n\n\n\n<p><strong>\u00e0 :<\/strong><\/p>\n\n\n\n<p>      Assigny : grange pyramidale du Joliveau<\/p>\n\n\n\n<p>     Barlieu : Silos de Badineau\u00a0<\/p>\n\n\n\n<p>     Concressault : Le Moulin Riche<\/p>\n\n\n\n<p>     Vailly-sur-Sauldre : Grange pyramidale<\/p>\n\n\n\n<p>     Vinon\u00a0 : Grange pyramidale de R\u00e9cy (l<a href=\"https:\/\/www.lamaisondespasserelles.fr\">a maison des passerelles<\/a>) et cave viticole d\u2019Anthony Girard (<a href=\"https:\/\/www.laclefdurecit.com\">La clef du r\u00e9cit<\/a>)<\/p>\n\n\n\n<p>\u00a0<strong><em>Allons voir !<\/em><\/strong> est organis\u00e9 dans le cadre des <a href=\"https:\/\/nouvelles-renaissances.com\">Nouvelles Renaissance(s]<\/a> de la R\u00e9gion Centre Val de Loire, et s\u2019articule avec Bourges contemporain.<\/p>\n\n\n\n<p><strong>Avec le soutien de:<\/strong><\/p>\n\n\n\n<p>     <a href=\"https:\/\/www.culture.gouv.fr\">Minist\u00e8re de la Culture<\/a> &#8211; DRAC Centre Val de Loire<\/p>\n\n\n\n<p>     <a href=\"https:\/\/www.centre-valdeloire.fr\/le-guide-des-aides-de-la-region-centre-val-de-loire\/soutien-aux-projets-artistiques-et-culturels-de\">R\u00e9gion Centre Val de Loire &#8211; PACT<\/a><\/p>\n\n\n\n<p>     <a href=\"https:\/\/www.departement18.fr\">Conseil d\u00e9partemental du Cher<\/a><\/p>\n\n\n\n<p>     <a href=\"https:\/\/www.comcompsv.fr\">Communaut\u00e9 de communes Pays Fort &#8211; Sancerrois &#8211; Val de Loire<\/a><\/p>\n\n\n\n<p>     Communes de : Assigny, Barlieu, Concressault, Vailly-sur-Sauldre, Vinon<\/p>\n\n\n\n<p>     <a href=\"http:\/\/www.martignonsas.com\/page4.html\">Martignon SAS<\/a><\/p>\n\n\n\n<p><strong>Avec le partenariat de :<\/strong><\/p>\n\n\n\n<p>     ENSA Bourges<\/p>\n\n\n\n<p>     ESAD TALM Tours<\/p>\n\n\n\n<p>     FRAC Centre Val de Loire (\u00e0 confirmer)<\/p>\n\n\n\n<p><strong>et la collaboration de :<\/strong><\/p>\n\n\n\n<p>     <a href=\"https:\/\/www.tourisme-territoiresducher.fr\">Ad2T<\/a><\/p>\n\n\n\n<p>     <a href=\"https:\/\/www.berryprovince.com\">Berry Province<\/a><\/p>\n\n\n\n<p> <a href=\"https:\/\/www.tourisme-sancerre.com\">    Office de Tourisme du Grand Sancerrois<\/a><\/p>\n\n\n\n<p>     Bourges contemporain<\/p>\n\n\n\n<p>Cet \u00e9t\u00e9,&nbsp; <strong><em>allons voir ! <\/em><\/strong>entame sa troisi\u00e8me \u00e9dition \u2014 <em>Point(s) de vue<\/em>&nbsp; \u2014 sous le commissariat artistique de Gunther Ludwig (activit\u00e9 de commissariat d&rsquo;exposition et d&rsquo;\u00e9criture, enseignant \u00e0 l\u2019ESAD Orl\u00e9ans), avec la participation de Ladislas Combeuil, Tsama do Pa\u00e7o, Chourouk Hriech, Jeanne Tzaut, Thomas Wattebled, et la participation de jeunes dipl\u00f4m\u00e9s de l\u2019ENSA Bourges et de l\u2019ESAD TALM Tours.<\/p>\n\n\n\n<p>La manifestation, n\u00e9e en Pays Fort se d\u00e9veloppe cette ann\u00e9e dans le Sancerrois. Avec cette ouverture \u00e0 la culture viticole, ce parcours d\u2019art, ancr\u00e9 sur une approche du monde rural, se diversifie autour de nouvelles probl\u00e9matiques.<\/p>\n\n\n\n<p>Le projet s\u2019est maintenant affirm\u00e9, affin\u00e9, et continue de s\u2019approfondir. Chacun \u00e0 leur mani\u00e8re, selon leur sensibilit\u00e9, les artistes invit\u00e9s r\u00e9v\u00e8lent les sites investis sous un nouveau jour, interrogent notre rapport \u00e0 ce patrimoine rural, et nous surprennent par leur regard et leur approche.\u00a0<\/p>\n\n\n\n<p>Le dialogue qui s\u2019installe entre les artistes et cet environnement d\u00e9voile l\u2019extraordinaire richesse de la vie rurale, valorise les enjeux qu\u2019elle nourrit et les horizons qu\u2019elle d\u00e9gage pour tous.<\/p>\n\n\n\n<p>Pour cette troisi\u00e8me \u00e9dition, Gunther Ludwig pr\u00e9cise ses intentions:<\/p>\n\n\n\n<p>\u00ab&nbsp;A la singularit\u00e9 des lieux investis, o\u00f9 la dimension patrimoniale, la notion de site et de paysage au-del\u00e0 du b\u00e2ti, le contexte rural sont forts, doivent r\u00e9pondre des propositions plastiques d\u00e9termin\u00e9es et tout aussi singuli\u00e8res. C\u2019est pourquoi il me semble qu\u2019il est n\u00e9cessaire de privil\u00e9gier la \u00ab&nbsp;r\u00e9ponse&nbsp;\u00bb des artistes \u00e0 cette invitation (son caract\u00e8re original, unique, imparfait, distinct, subjectif) sans n\u00e9cessairement vouloir la faire entrer dans une th\u00e9matique pr\u00e9-d\u00e9termin\u00e9e.<\/p>\n\n\n\n<p>Aussi, la question des <em>Point(s) de vue <\/em>permet \u00e0 la fois de tisser un fil directeur pour donner de la coh\u00e9rence entre les lieux et les oeuvres, tout en laissant une grande libert\u00e9 \u00e0 chaque artiste dans son interpr\u00e9tation. Le choix du pluriel entre parenth\u00e8ses de l\u2019expression indique cette pluralit\u00e9 possible. Point(s) de vue, c\u2019est une expression plurivoque qui convoque tout autant la question des formes et des choix plastiques, celle de la prise de position personnelle, celles enfin de l\u2019environnement dans lequel les oeuvres prennent place.&nbsp;<\/p>\n\n\n\n<p>Dans le cadre de <em>Allons voir !<\/em>, elle voudrait avoir trois sens :<\/p>\n\n\n\n<p>&#8211; le point de vue comme une perspective \u00e0 partir du lieu d\u2019o\u00f9 on regarde. Dans une proximit\u00e9 avec l\u2019histoire de l\u2019art, il rappelle la construction de la perspective centrale albertinienne, \u00ab&nbsp;(\u2026) un rectangle de la grandeur que je veux, qui sera pour moi une fen\u00eatre ouverte \u00e0 partir de quoi on peut contempler l\u2019histoire&nbsp;\u00bb. \u00ab&nbsp;Pyramide visuelle&nbsp;\u00bb, les granges sont envisag\u00e9es ici comme un plan\/lieu\/architecture de travail et de vision, un outil plastique, une situation pour faire oeuvre,<\/p>\n\n\n\n<p>&#8211; le point de vue comme une fa\u00e7on de traiter une question, d\u2019envisager les choses pour d\u00e9gager une opinion personnelle. Ici les granges permettent aux artistes d\u2019exprimer leur point de vue sur ce contexte et plus largement sur des sujets de leur choix, en aller-retour entre individu et collectif, r\u00e9alit\u00e9 et imaginaire,<\/p>\n\n\n\n<ul class=\"wp-block-list\"><li>le point de vue comme une \u00e9tendue, un panorama observable depuis un point donn\u00e9. Cela implique d\u2019examiner et contempler avec attention, prendre du recul, au sens propre comme figur\u00e9. Pour les artistes, il s\u2019agit d\u2019envisager leur r\u00e9flexion comme un point de vue sur les sites de mani\u00e8re ample ; le paysage qui les entoure, sur lequel ils ouvrent, la dimension du territoire, de la ruralit\u00e9\u2026&nbsp;\u00bb&nbsp;<\/li><\/ul>\n\n\n\n<p><strong>Photos sur demande<\/strong><\/p>\n","protected":false},"excerpt":{"rendered":"<p>allons voir ! Parcours d\u2019art contemporain en Pays Fort \/ Sancerrois 3e \u00e9dition Point(s) de vue 13 juillet &#8211; 19 septembre 2021 Entr\u00e9 libre du mercredi au dimanche, 13h30 &#8211; 18h30 Commissariat : Gunther Ludwig&nbsp; avec :&nbsp; Ladislas Combeuil\u00a0 Tsama do Pa\u00e7o Chourouk Hriech\u00a0 Jeanne Tzaut Thomas Wattebled et la participation de jeunes dipl\u00f4m\u00e9s de &hellip; <a href=\"https:\/\/allonsvoir.eu\/index.php\/2021\/04\/22\/communique-de-presse\/\" class=\"more-link\">Continuer la lecture<span class=\"screen-reader-text\"> de &laquo;&nbsp;COMMUNIQU\u00c9 DE PRESSE&nbsp;&raquo;<\/span><\/a><\/p>\n","protected":false},"author":1,"featured_media":0,"comment_status":"open","ping_status":"open","sticky":false,"template":"","format":"standard","meta":{"footnotes":""},"categories":[1],"tags":[],"class_list":["post-914","post","type-post","status-publish","format-standard","hentry","category-non-classe"],"_links":{"self":[{"href":"https:\/\/allonsvoir.eu\/index.php\/wp-json\/wp\/v2\/posts\/914","targetHints":{"allow":["GET"]}}],"collection":[{"href":"https:\/\/allonsvoir.eu\/index.php\/wp-json\/wp\/v2\/posts"}],"about":[{"href":"https:\/\/allonsvoir.eu\/index.php\/wp-json\/wp\/v2\/types\/post"}],"author":[{"embeddable":true,"href":"https:\/\/allonsvoir.eu\/index.php\/wp-json\/wp\/v2\/users\/1"}],"replies":[{"embeddable":true,"href":"https:\/\/allonsvoir.eu\/index.php\/wp-json\/wp\/v2\/comments?post=914"}],"version-history":[{"count":2,"href":"https:\/\/allonsvoir.eu\/index.php\/wp-json\/wp\/v2\/posts\/914\/revisions"}],"predecessor-version":[{"id":916,"href":"https:\/\/allonsvoir.eu\/index.php\/wp-json\/wp\/v2\/posts\/914\/revisions\/916"}],"wp:attachment":[{"href":"https:\/\/allonsvoir.eu\/index.php\/wp-json\/wp\/v2\/media?parent=914"}],"wp:term":[{"taxonomy":"category","embeddable":true,"href":"https:\/\/allonsvoir.eu\/index.php\/wp-json\/wp\/v2\/categories?post=914"},{"taxonomy":"post_tag","embeddable":true,"href":"https:\/\/allonsvoir.eu\/index.php\/wp-json\/wp\/v2\/tags?post=914"}],"curies":[{"name":"wp","href":"https:\/\/api.w.org\/{rel}","templated":true}]}}