{"id":88,"date":"2018-12-25T17:48:17","date_gmt":"2018-12-25T16:48:17","guid":{"rendered":"http:\/\/allonsvoir.eu\/?p=88"},"modified":"2019-02-23T22:04:18","modified_gmt":"2019-02-23T21:04:18","slug":"signature-de-la-convention-avec-la-region-centre-val-de-loire","status":"publish","type":"post","link":"https:\/\/allonsvoir.eu\/index.php\/2018\/12\/25\/signature-de-la-convention-avec-la-region-centre-val-de-loire\/","title":{"rendered":"Signature de la convention avec la R\u00e9gion Centre Val-de-Loire"},"content":{"rendered":"\n<p>Mme Agn\u00e8s Sinsoulier-Bigot, vice pr\u00e9sidente de la R\u00e9gion Centre Val-de-Loire, a sign\u00e9 la convention de soutien au projet <strong><em>Allons Voir !<\/em><\/strong> le mercredi 16 janvier, \u00e0 Vailly-sur-Sauldre, en pr\u00e9sence de M. Gilles-Henri Doucet, maire de Vailly, de M. Julien Barbeau, maire de Feux, de M. Antoine R\u00e9guillon, directeur de l&rsquo;ENSA Bourges accompagn\u00e9 de son \u00e9quipe, et de Mme Marie-Solange Doisne-Ferr\u00e9 de l&rsquo;Office du Tourisme.<\/p>\n\n\n\n<p>Merci \u00e0 la R\u00e9gion Centre Val de Loire, et \u00e0 tous ceux qui nous soutiennent !<\/p>\n\n\n\n<p><strong><em>Allons Voir!<\/em><\/strong> fait maintenant partie des manifestations de \u00ab\u00a0500 ans de RenaissanceS\u00a0\u00bb qui animeront toute l&rsquo;ann\u00e9e 2019 en R\u00e9gion Centre Val de Loire. (programme sur: <a href=\"http:\/\/www.vivadavinci2019.fr\">www.vivadavinci2019.fr<\/a>)<\/p>\n\n\n\n<figure class=\"wp-block-image\"><img decoding=\"async\" src=\"https:\/\/allonsvoir.eu\/wp-content\/uploads\/2019\/01\/IMG_2117-1024x768.jpg\" alt=\"\" class=\"wp-image-201\"\/><\/figure>\n\n\n\n<p>&#8230;et lisez l&rsquo;article sur Le Berry R\u00e9publicain : <\/p>\n\n\n\n<p class=\"has-small-font-size\"><a href=\"https:\/\/www.leberry.fr\/vailly-sur-sauldre\/loisirs\/art-litterature\/2019\/01\/17\/des-granges-pyramidales-du-pays-fort-vont-servir-d-ecrin-a-des-expositions-d-art-contemporain_13110781.html \">https:\/\/www.leberry.fr\/vailly-sur-sauldre\/loisirs\/art-litterature\/2019\/01\/17\/des-granges-pyramidales-du-pays-fort-vont-servir-d-ecrin-a-des-expositions-d-art-contemporain_13110781.html <\/a><\/p>\n","protected":false},"excerpt":{"rendered":"<p>Mme Agn\u00e8s Sinsoulier-Bigot, vice pr\u00e9sidente de la R\u00e9gion Centre Val-de-Loire, a sign\u00e9 la convention de soutien au projet Allons Voir ! le mercredi 16 janvier, \u00e0 Vailly-sur-Sauldre, en pr\u00e9sence de M. Gilles-Henri Doucet, maire de Vailly, de M. Julien Barbeau, maire de Feux, de M. Antoine R\u00e9guillon, directeur de l&rsquo;ENSA Bourges accompagn\u00e9 de son \u00e9quipe, &hellip; <a href=\"https:\/\/allonsvoir.eu\/index.php\/2018\/12\/25\/signature-de-la-convention-avec-la-region-centre-val-de-loire\/\" class=\"more-link\">Continuer la lecture<span class=\"screen-reader-text\"> de &laquo;&nbsp;Signature de la convention avec la R\u00e9gion Centre Val-de-Loire&nbsp;&raquo;<\/span><\/a><\/p>\n","protected":false},"author":1,"featured_media":0,"comment_status":"open","ping_status":"open","sticky":false,"template":"","format":"standard","meta":{"footnotes":""},"categories":[1],"tags":[],"class_list":["post-88","post","type-post","status-publish","format-standard","hentry","category-non-classe"],"_links":{"self":[{"href":"https:\/\/allonsvoir.eu\/index.php\/wp-json\/wp\/v2\/posts\/88","targetHints":{"allow":["GET"]}}],"collection":[{"href":"https:\/\/allonsvoir.eu\/index.php\/wp-json\/wp\/v2\/posts"}],"about":[{"href":"https:\/\/allonsvoir.eu\/index.php\/wp-json\/wp\/v2\/types\/post"}],"author":[{"embeddable":true,"href":"https:\/\/allonsvoir.eu\/index.php\/wp-json\/wp\/v2\/users\/1"}],"replies":[{"embeddable":true,"href":"https:\/\/allonsvoir.eu\/index.php\/wp-json\/wp\/v2\/comments?post=88"}],"version-history":[{"count":7,"href":"https:\/\/allonsvoir.eu\/index.php\/wp-json\/wp\/v2\/posts\/88\/revisions"}],"predecessor-version":[{"id":331,"href":"https:\/\/allonsvoir.eu\/index.php\/wp-json\/wp\/v2\/posts\/88\/revisions\/331"}],"wp:attachment":[{"href":"https:\/\/allonsvoir.eu\/index.php\/wp-json\/wp\/v2\/media?parent=88"}],"wp:term":[{"taxonomy":"category","embeddable":true,"href":"https:\/\/allonsvoir.eu\/index.php\/wp-json\/wp\/v2\/categories?post=88"},{"taxonomy":"post_tag","embeddable":true,"href":"https:\/\/allonsvoir.eu\/index.php\/wp-json\/wp\/v2\/tags?post=88"}],"curies":[{"name":"wp","href":"https:\/\/api.w.org\/{rel}","templated":true}]}}