{"id":1651,"date":"2025-06-29T18:49:34","date_gmt":"2025-06-29T16:49:34","guid":{"rendered":"https:\/\/allonsvoir.eu\/?p=1651"},"modified":"2025-06-29T18:51:10","modified_gmt":"2025-06-29T16:51:10","slug":"1651","status":"publish","type":"post","link":"https:\/\/allonsvoir.eu\/index.php\/2025\/06\/29\/1651\/","title":{"rendered":"Vernissage 7\u00e8me \u00e9dition"},"content":{"rendered":"\n<h2 class=\"wp-block-heading has-text-align-center\">INVITATION<\/h2>\n\n\n\n<p class=\"has-text-align-center\"><strong>Inauguration du parcours d&rsquo;art contemporain allons voir ! &#8211; 7\u00e8me \u00e9dition<br>Ce que nous dit la brume<\/strong><\/p>\n\n\n\n<figure class=\"wp-block-gallery has-nested-images columns-default is-cropped wp-block-gallery-1 is-layout-flex wp-block-gallery-is-layout-flex\">\n<figure class=\"wp-block-image size-large\"><img loading=\"lazy\" decoding=\"async\" width=\"1024\" height=\"1024\" data-id=\"1652\" src=\"https:\/\/allonsvoir.eu\/wp-content\/uploads\/2025\/06\/Visuel-AV25-BD-1024x1024.jpeg\" alt=\"\" class=\"wp-image-1652\" srcset=\"https:\/\/allonsvoir.eu\/wp-content\/uploads\/2025\/06\/Visuel-AV25-BD-1024x1024.jpeg 1024w, https:\/\/allonsvoir.eu\/wp-content\/uploads\/2025\/06\/Visuel-AV25-BD-300x300.jpeg 300w, https:\/\/allonsvoir.eu\/wp-content\/uploads\/2025\/06\/Visuel-AV25-BD-150x150.jpeg 150w, https:\/\/allonsvoir.eu\/wp-content\/uploads\/2025\/06\/Visuel-AV25-BD-768x768.jpeg 768w, https:\/\/allonsvoir.eu\/wp-content\/uploads\/2025\/06\/Visuel-AV25-BD-1536x1536.jpeg 1536w, https:\/\/allonsvoir.eu\/wp-content\/uploads\/2025\/06\/Visuel-AV25-BD-2048x2048.jpeg 2048w, https:\/\/allonsvoir.eu\/wp-content\/uploads\/2025\/06\/Visuel-AV25-BD-1200x1200.jpeg 1200w\" sizes=\"auto, (max-width: 709px) 85vw, (max-width: 909px) 67vw, (max-width: 1362px) 62vw, 840px\" \/><\/figure>\n<\/figure>\n\n\n\n<p><\/p>\n\n\n\n<p class=\"has-text-align-center\"><strong>Vernissage<br>samedi 5 juillet \u00e0 16 h<br>Le Moulin Riche, 18260 Concressault<\/strong><\/p>\n\n\n\n<p>Exposition du 5 juillet au 5 octobre, entr\u00e9e libre, 10h-18h sur tous les sites<br><\/p>\n\n\n\n<p><strong>Commissariat : <\/strong>\u00c9milie d&rsquo;Ornano<br><strong>Avec : <\/strong>\u00c9milie Breux, Jeanne Chopy, C\u00e9dric Esturillo, Juliette F\u00e9rey, Xiyu Huang,<br>Aurore-Caroline Marty, Lucas Zambon<br><\/p>\n\n\n\n<p><strong>D\u00e9roul\u00e9 du vernissage :<\/strong><br>16h-17h : Accueil du public et prises de parole au Moulin Riche, Concressault<br>Pr\u00e9sentation de la 7\u00e8me \u00e9dition par la commissaire, \u00c9milie d&rsquo;Ornano<br>Visite des installations de C\u00e9dric Esturillo<br>Verre de l&rsquo;amiti\u00e9<br><\/p>\n\n\n\n<p>puis visite des autres sites en pr\u00e9sence des artistes :<br>17h15 : Concressault &#8211; Lavoir de M\u00e8re Dieu : Juliette F\u00e9rey<br>17h45 : Barlieu &#8211; Lavoir de la Madeleine : Jeanne Chopy<br>18h15 : Vailly-sur-Sauldre &#8211; Boutique 5bis place du 8 mai : Xiyu Huang<br>18h45 : Vailly-sur-Sauldre &#8211; Grange pyramidale : \u00c9milie Breux<br>19h15: Villegenon &#8211; Lavoir : Aurore-Caroline Marty<br>19h45 : Subligny &#8211; Moulin de Tirepeine : Aurore-Caroline Marty<br>20h15 : Assigny &#8211; Grange pyramidale du Joliveau : Lucas Zambon<br><\/p>\n\n\n\n<p><strong><em>allons voir !<\/em><\/strong> s&rsquo;inscrit dans le cadre des manifestations Bourges Contemporain<\/p>\n\n\n\n<p>\u00e0 voir aussi sur le parcours : Polyrythmie (2022), de Claude Pasquer sur les silos<br>de Badineau (Barlieu) et Vrai Semblant (2023), de Baptiste Debombourg au lavoir<br>de Thou, Universel Brasier (2024), de Bernard Calet au Fa\u00eet des Marnes<br>(Assigny)<br><\/p>\n\n\n\n<p>contact allons voir : 06 63 32 34 93<br>contact@allonsvoir.eu<br><br><\/p>\n","protected":false},"excerpt":{"rendered":"<p>INVITATION Inauguration du parcours d&rsquo;art contemporain allons voir ! &#8211; 7\u00e8me \u00e9ditionCe que nous dit la brume Vernissagesamedi 5 juillet \u00e0 16 hLe Moulin Riche, 18260 Concressault Exposition du 5 juillet au 5 octobre, entr\u00e9e libre, 10h-18h sur tous les sites Commissariat : \u00c9milie d&rsquo;OrnanoAvec : \u00c9milie Breux, Jeanne Chopy, C\u00e9dric Esturillo, Juliette F\u00e9rey, Xiyu &hellip; <a href=\"https:\/\/allonsvoir.eu\/index.php\/2025\/06\/29\/1651\/\" class=\"more-link\">Continuer la lecture<span class=\"screen-reader-text\"> de &laquo;&nbsp;Vernissage 7\u00e8me \u00e9dition&nbsp;&raquo;<\/span><\/a><\/p>\n","protected":false},"author":1,"featured_media":0,"comment_status":"closed","ping_status":"open","sticky":false,"template":"","format":"standard","meta":{"footnotes":""},"categories":[1],"tags":[],"class_list":["post-1651","post","type-post","status-publish","format-standard","hentry","category-non-classe"],"_links":{"self":[{"href":"https:\/\/allonsvoir.eu\/index.php\/wp-json\/wp\/v2\/posts\/1651","targetHints":{"allow":["GET"]}}],"collection":[{"href":"https:\/\/allonsvoir.eu\/index.php\/wp-json\/wp\/v2\/posts"}],"about":[{"href":"https:\/\/allonsvoir.eu\/index.php\/wp-json\/wp\/v2\/types\/post"}],"author":[{"embeddable":true,"href":"https:\/\/allonsvoir.eu\/index.php\/wp-json\/wp\/v2\/users\/1"}],"replies":[{"embeddable":true,"href":"https:\/\/allonsvoir.eu\/index.php\/wp-json\/wp\/v2\/comments?post=1651"}],"version-history":[{"count":2,"href":"https:\/\/allonsvoir.eu\/index.php\/wp-json\/wp\/v2\/posts\/1651\/revisions"}],"predecessor-version":[{"id":1654,"href":"https:\/\/allonsvoir.eu\/index.php\/wp-json\/wp\/v2\/posts\/1651\/revisions\/1654"}],"wp:attachment":[{"href":"https:\/\/allonsvoir.eu\/index.php\/wp-json\/wp\/v2\/media?parent=1651"}],"wp:term":[{"taxonomy":"category","embeddable":true,"href":"https:\/\/allonsvoir.eu\/index.php\/wp-json\/wp\/v2\/categories?post=1651"},{"taxonomy":"post_tag","embeddable":true,"href":"https:\/\/allonsvoir.eu\/index.php\/wp-json\/wp\/v2\/tags?post=1651"}],"curies":[{"name":"wp","href":"https:\/\/api.w.org\/{rel}","templated":true}]}}